{"id":34514,"date":"2026-08-28T08:50:41","date_gmt":"2026-08-28T11:50:41","guid":{"rendered":"https:\/\/zerohoranews.com\/?p=34514"},"modified":"2026-08-28T08:50:41","modified_gmt":"2026-08-28T11:50:41","slug":"gdf-define-nova-diretoria-e-altera-estrutura-administrativa-do-iprev-df","status":"publish","type":"post","link":"https:\/\/zerohoranews.com\/?p=34514","title":{"rendered":"GDF define nova diretoria e altera estrutura administrativa do Iprev-DF"},"content":{"rendered":"<div>\n<p>A governadora Celina Le\u00e3o anunciou a nomea\u00e7\u00e3o de seis integrantes para compor a Diretoria-Executiva\u00a0do Instituto de Previd\u00eancia dos Servidores do Distrito Federal (Iprev-DF). A medida foi publicada no Di\u00e1rio Oficial do Distrito Federal (<a href=\"https:\/\/dodf.df.gov.br\/dodf\/jornal\/diario?data=1787886000\" target=\"_blank\" rel=\"noopener\">DODF<\/a>) desta sexta-feira (28\/8).<\/p>\n<p><span class=\"highlight\">Os novos diretores ter\u00e3o mandato de quatro anos, contados a partir da publica\u00e7\u00e3o do decreto<\/span>. Confira os nomes:<\/p>\n<hr\/>\n<ul>\n<li><strong>Diretor de governan\u00e7a, projetos e compliance:<\/strong> Rodrigo Ramos Gon\u00e7alves;<\/li>\n<li><strong>Diretor de previd\u00eancia:<\/strong> Francisco Jorgivan Machado Leit\u00e3o;<\/li>\n<li><strong>Diretor jur\u00eddico:<\/strong> Wagner Silva;<\/li>\n<li><strong>Diretor de administra\u00e7\u00e3o e finan\u00e7as:<\/strong> Jo\u00e3o Evangelista de Carvalho;<\/li>\n<li><strong>Diretor de investimentos:<\/strong> Emerson Vasconcelos Rizza.<\/li>\n<\/ul>\n<hr\/>\n<p><span class=\"highlight\">O diretor-presidente Geraldo Louren\u00e7o de Almeida tamb\u00e9m consta no quadro de servidores publicado no DODF, mas Geraldo j\u00e1 havia sido nomeado em 24 de julho deste ano.<\/span><\/p>\n<p>Ainda nesta sexta-feira (28\/8), a governadora publicou um decreto que altera a estrutura administrativa do Iprev-DF. Segundo a determina\u00e7\u00e3o publicada, tr\u00eas postos atualmente vinculados ao instituto ser\u00e3o transferidos para o Banco de Cargos, sendo eles:<\/p>\n<p><a target=\"_blank\" href=\"https:\/\/whatsapp.com\/channel\/0029Vb5fRx32phHRJiFmFr3W\" class=\"flex justify-center items-center gap-3 px-3 py-2.5 bg-green-500 text-white! no-underline! font-bold rounded-full my-4\"><span class=\"inline-flex gap-3 items-center max-w-10\/12 text-sm leading-4.5 font-semibold font-sans tracking-tighter whitespace-pre-line md:whitespace-normal xs:max-w-9\/12 md:text-lg md:max-w-full\"><svg width=\"40\" height=\"40\" viewbox=\"0 0 24 24\" fill=\"currentColor\" aria-hidden=\"true\" class=\"shrink-0\"><path d=\"M17.472 14.382c-.297-.149-1.758-.867-2.03-.967-.273-.099-.471-.148-.67.15-.197.297-.767.966-.94 1.164-.173.199-.347.223-.644.075-.297-.15-1.255-.463-2.39-1.475-.883-.788-1.48-1.761-1.653-2.059-.173-.297-.018-.458.13-.606.134-.133.298-.347.446-.52.149-.174.198-.298.298-.497.099-.198.05-.371-.025-.52-.075-.149-.669-1.612-.916-2.207-.242-.579-.487-.5-.669-.51-.173-.008-.371-.01-.57-.01-.198 0-.52.074-.792.372-.272.297-1.04 1.016-1.04 2.479 0 1.462 1.065 2.875 1.213 3.074.149.198 2.096 3.2 5.077 4.487.709.306 1.262.489 1.694.625.712.227 1.36.195 1.871.118.571-.085 1.758-.719 2.006-1.413.248-.694.248-1.289.173-1.413-.074-.124-.272-.198-.57-.347m-5.421 7.403h-.004a9.87 9.87 0 01-5.031-1.378l-.361-.214-3.741.982.998-3.648-.235-.374a9.86 9.86 0 01-1.51-5.26c.001-5.45 4.436-9.884 9.888-9.884 2.64 0 5.122 1.03 6.988 2.898a9.825 9.825 0 012.893 6.994c-.003 5.45-4.437 9.884-9.885 9.884m8.413-18.297A11.815 11.815 0 0012.05 0C5.495 0 .16 5.335.157 11.892c0 2.096.547 4.142 1.588 5.945L.057 24l6.305-1.654a11.882 11.882 0 005.683 1.448h.005c6.554 0 11.890-5.335 11.893-11.893A11.821 11.821 0 0020.465 3.488\"\/><\/svg>Entre no canal de WhatsApp <!-- --><br \/>\n<!-- -->do<!-- --> <!-- -->Metr\u00f3poles DF<\/span><\/a><\/p>\n<ul>\n<li>Cargo de assessor da unidade de comunica\u00e7\u00e3o social da presid\u00eancia;<\/li>\n<li>Cargo de assessor da ger\u00eancia de recadastramento e prova de vida, vinculada \u00e0 diretoria de previd\u00eancia; e<\/li>\n<li>Cargo de assessor t\u00e9cnico da coordena\u00e7\u00e3o de compensa\u00e7\u00e3o previdenci\u00e1ria.<\/li>\n<\/ul>\n<p>O decreto tamb\u00e9m redistribui para a estrutura do Iprev-DF um cargo de assessor especial que ficar\u00e1 vinculado \u00e0 presid\u00eancia do instituto.<\/p>\n<\/div>\n<p><br \/>\n<br \/><a href=\"https:\/\/www.metropoles.com\/distrito-federal\/gdf-define-nova-diretoria-e-altera-estrutura-administrativa-do-iprev-df\">Tribunal Bras\u00edlia <\/a><\/p>\n","protected":false},"excerpt":{"rendered":"<p>A governadora Celina Le\u00e3o anunciou a nomea\u00e7\u00e3o de seis integrantes para compor a Diretoria-Executiva\u00a0do Instituto de Previd\u00eancia dos Servidores do Distrito Federal (Iprev-DF). A medida foi publicada no Di\u00e1rio Oficial do Distrito Federal (DODF) desta sexta-feira (28\/8). Os novos diretores ter\u00e3o mandato de quatro anos, contados a partir da publica\u00e7\u00e3o do decreto. Confira os nomes: [&hellip;]<\/p>\n","protected":false},"author":2,"featured_media":34515,"comment_status":"open","ping_status":"open","sticky":false,"template":"","format":"standard","meta":{"footnotes":""},"categories":[1],"tags":[],"class_list":["post-34514","post","type-post","status-publish","format-standard","has-post-thumbnail","hentry","category-destaques"],"_links":{"self":[{"href":"https:\/\/zerohoranews.com\/index.php?rest_route=\/wp\/v2\/posts\/34514","targetHints":{"allow":["GET"]}}],"collection":[{"href":"https:\/\/zerohoranews.com\/index.php?rest_route=\/wp\/v2\/posts"}],"about":[{"href":"https:\/\/zerohoranews.com\/index.php?rest_route=\/wp\/v2\/types\/post"}],"author":[{"embeddable":true,"href":"https:\/\/zerohoranews.com\/index.php?rest_route=\/wp\/v2\/users\/2"}],"replies":[{"embeddable":true,"href":"https:\/\/zerohoranews.com\/index.php?rest_route=%2Fwp%2Fv2%2Fcomments&post=34514"}],"version-history":[{"count":0,"href":"https:\/\/zerohoranews.com\/index.php?rest_route=\/wp\/v2\/posts\/34514\/revisions"}],"wp:featuredmedia":[{"embeddable":true,"href":"https:\/\/zerohoranews.com\/index.php?rest_route=\/wp\/v2\/media\/34515"}],"wp:attachment":[{"href":"https:\/\/zerohoranews.com\/index.php?rest_route=%2Fwp%2Fv2%2Fmedia&parent=34514"}],"wp:term":[{"taxonomy":"category","embeddable":true,"href":"https:\/\/zerohoranews.com\/index.php?rest_route=%2Fwp%2Fv2%2Fcategories&post=34514"},{"taxonomy":"post_tag","embeddable":true,"href":"https:\/\/zerohoranews.com\/index.php?rest_route=%2Fwp%2Fv2%2Ftags&post=34514"}],"curies":[{"name":"wp","href":"https:\/\/api.w.org\/{rel}","templated":true}]}}