{"id":34524,"date":"2026-08-28T11:27:00","date_gmt":"2026-08-28T14:27:00","guid":{"rendered":"https:\/\/zerohoranews.com\/?p=34524"},"modified":"2026-08-28T11:27:00","modified_gmt":"2026-08-28T14:27:00","slug":"espero-que-nao-seja-politica-reage-celina-leao-sobre-greve-do-metro-df","status":"publish","type":"post","link":"https:\/\/zerohoranews.com\/?p=34524","title":{"rendered":"&#8220;Espero que n\u00e3o seja pol\u00edtica&#8221;, reage Celina Le\u00e3o sobre greve do Metr\u00f4-DF"},"content":{"rendered":"<div>\n<p>A governadora e candidata \u00e0 reelei\u00e7\u00e3o Celina Le\u00e3o (PP) reagiu ao indicativo de greve dos metrovi\u00e1rios do Distrito Federal, durante visita \u00e0 Feira do Produtor de Ceil\u00e2ndia, nesta sexta-feira (28\/8). <strong>A categoria respons\u00e1vel pela opera\u00e7\u00e3o do Metr\u00f4-DF anunciou paralisa\u00e7\u00e3o por tempo indeterminado a partir de ter\u00e7a-feira (1\u00ba\/9).<\/strong><\/p>\n<p>\u201cEu espero que essa greve n\u00e3o seja pol\u00edtica, porque a popula\u00e7\u00e3o tem um entendimento quando a greve \u00e9 pol\u00edtica\u201d, afirmou Celina Le\u00e3o. \u201cAs a\u00e7\u00f5es de investimento est\u00e3o acontecendo\u201d, defendeu.<\/p>\n<p><span class=\"highlight\">\u201cAcho que o sindicato tem direito de fazer as manifesta\u00e7\u00f5es que quiser. Mas, desde quando eu assumi [o governo do DF], minha determina\u00e7\u00e3o foi fazer investimento total no Metr\u00f4\u201d, declarou. \u201cNingu\u00e9m nunca teve coragem de licitar novos vag\u00f5es, eu cheguei e licitei 15 novos vag\u00f5es. A licita\u00e7\u00e3o est\u00e1 em curso, s\u00e3o mais de R$ 900 milh\u00f5es\u201d, argumentou a governadora.<\/span><\/p>\n<blockquote class=\"m-blockquote m-destaque\">\n<p>\u201cA luta deles \u00e9 por reajustes, por outras situa\u00e7\u00f5es e tamb\u00e9m por investimento, mas a nossa parte n\u00f3s estamos fazendo\u201d, completou, destacando que o presidente do Metr\u00f4, Handerson Cabral Ribeiro, est\u00e1 \u00e0 disposi\u00e7\u00e3o para atender os metrovi\u00e1rios.<\/p>\n<\/blockquote>\n<p><strong>Ainda sobre o metr\u00f4 do DF, Celina declarou que o governo vai licitar um novo sistema de opera\u00e7\u00e3o e energia, com investimento previsto de R$ 1,7 bilh\u00e3o.<\/strong><\/p>\n<p><a target=\"_blank\" href=\"https:\/\/whatsapp.com\/channel\/0029Vb5fRx32phHRJiFmFr3W\" class=\"flex justify-center items-center gap-3 px-3 py-2.5 bg-green-500 text-white! no-underline! font-bold rounded-full my-4\"><span class=\"inline-flex gap-3 items-center max-w-10\/12 text-sm leading-4.5 font-semibold font-sans tracking-tighter whitespace-pre-line md:whitespace-normal xs:max-w-9\/12 md:text-lg md:max-w-full\"><svg width=\"40\" height=\"40\" viewbox=\"0 0 24 24\" fill=\"currentColor\" aria-hidden=\"true\" class=\"shrink-0\"><path d=\"M17.472 14.382c-.297-.149-1.758-.867-2.03-.967-.273-.099-.471-.148-.67.15-.197.297-.767.966-.94 1.164-.173.199-.347.223-.644.075-.297-.15-1.255-.463-2.39-1.475-.883-.788-1.48-1.761-1.653-2.059-.173-.297-.018-.458.13-.606.134-.133.298-.347.446-.52.149-.174.198-.298.298-.497.099-.198.05-.371-.025-.52-.075-.149-.669-1.612-.916-2.207-.242-.579-.487-.5-.669-.51-.173-.008-.371-.01-.57-.01-.198 0-.52.074-.792.372-.272.297-1.04 1.016-1.04 2.479 0 1.462 1.065 2.875 1.213 3.074.149.198 2.096 3.2 5.077 4.487.709.306 1.262.489 1.694.625.712.227 1.36.195 1.871.118.571-.085 1.758-.719 2.006-1.413.248-.694.248-1.289.173-1.413-.074-.124-.272-.198-.57-.347m-5.421 7.403h-.004a9.87 9.87 0 01-5.031-1.378l-.361-.214-3.741.982.998-3.648-.235-.374a9.86 9.86 0 01-1.51-5.26c.001-5.45 4.436-9.884 9.888-9.884 2.64 0 5.122 1.03 6.988 2.898a9.825 9.825 0 012.893 6.994c-.003 5.45-4.437 9.884-9.885 9.884m8.413-18.297A11.815 11.815 0 0012.05 0C5.495 0 .16 5.335.157 11.892c0 2.096.547 4.142 1.588 5.945L.057 24l6.305-1.654a11.882 11.882 0 005.683 1.448h.005c6.554 0 11.890-5.335 11.893-11.893A11.821 11.821 0 0020.465 3.488\"\/><\/svg>Entre no canal de WhatsApp <!-- --><br \/>\n<!-- -->do<!-- --> <!-- -->Metr\u00f3poles DF<\/span><\/a><\/p>\n<p>Apesar das promessas de investimentos, o Metr\u00f4 tem apresentado problemas de opera\u00e7\u00e3o, levando transtornos aos passageiros. Celina Le\u00e3o comentou sobre as falhas. \u201cO Metr\u00f4 precisa da troca de sistema, de novos vag\u00f5es. A gente liberou quase R$ 100 milh\u00f5es para a recupera\u00e7\u00e3o\u201d, disse.<\/p>\n<hr\/>\n<p><strong>Mais sobre a greve<\/strong><\/p>\n<ul>\n<li>O Sindicato dos Trabalhadores em Empresas de Transportes Metrovi\u00e1rios do Distrito Federal (Sindmetr\u00f4-DF) aprovou, nessa quarta-feira (26\/8), a greve dos profissionais da categoria;<\/li>\n<li>A greve come\u00e7a na pr\u00f3xima ter\u00e7a-feira (1\u00b0\/8). N\u00e3o se sabe a porcentagem de servidores que ir\u00e3o aderir \u00e0 paralisa\u00e7\u00e3o;<\/li>\n<li>Segundo a entidade, a confirma\u00e7\u00e3o da greve ocorre ap\u00f3s meses de negocia\u00e7\u00e3o buscando melhorias com o Governo do DF (GDF);<\/li>\n<li>O sindicato argumentou que a principal reivindica\u00e7\u00e3o da categoria \u00e9 para que o GDF fa\u00e7a um novo concurso p\u00fablico para recompor o quadro de metrovi\u00e1rios. Al\u00e9m disso, a carreira tamb\u00e9m luta por reajuste salarial;<\/li>\n<li>A Companhia Metropolitano do Distrito Federal (Metr\u00f4-DF), afirmou, em nota, que mant\u00e9m as negocia\u00e7\u00f5es com os metrovi\u00e1rios e considera \u201cprematura\u201d a paralisa\u00e7\u00e3o;<\/li>\n<li>\u201cDesde o in\u00edcio da media\u00e7\u00e3o, o Metr\u00f4-DF tem participado ativamente de todas as tratativas conduzidas pelo Tribunal, adotando provid\u00eancias administrativas concretas para viabilizar as reivindica\u00e7\u00f5es apresentadas\u201d, declara a Companhia.<\/li>\n<\/ul>\n<hr\/>\n<\/div>\n<p><br \/>\n<br \/><a href=\"https:\/\/www.metropoles.com\/distrito-federal\/espero-que-nao-seja-politica-reage-celina-leao-sobre-greve-do-metro\">Tribunal Bras\u00edlia <\/a><\/p>\n","protected":false},"excerpt":{"rendered":"<p>A governadora e candidata \u00e0 reelei\u00e7\u00e3o Celina Le\u00e3o (PP) reagiu ao indicativo de greve dos metrovi\u00e1rios do Distrito Federal, durante visita \u00e0 Feira do Produtor de Ceil\u00e2ndia, nesta sexta-feira (28\/8). A categoria respons\u00e1vel pela opera\u00e7\u00e3o do Metr\u00f4-DF anunciou paralisa\u00e7\u00e3o por tempo indeterminado a partir de ter\u00e7a-feira (1\u00ba\/9). \u201cEu espero que essa greve n\u00e3o seja pol\u00edtica, [&hellip;]<\/p>\n","protected":false},"author":2,"featured_media":34525,"comment_status":"open","ping_status":"open","sticky":false,"template":"","format":"standard","meta":{"footnotes":""},"categories":[1],"tags":[],"class_list":["post-34524","post","type-post","status-publish","format-standard","has-post-thumbnail","hentry","category-destaques"],"_links":{"self":[{"href":"https:\/\/zerohoranews.com\/index.php?rest_route=\/wp\/v2\/posts\/34524","targetHints":{"allow":["GET"]}}],"collection":[{"href":"https:\/\/zerohoranews.com\/index.php?rest_route=\/wp\/v2\/posts"}],"about":[{"href":"https:\/\/zerohoranews.com\/index.php?rest_route=\/wp\/v2\/types\/post"}],"author":[{"embeddable":true,"href":"https:\/\/zerohoranews.com\/index.php?rest_route=\/wp\/v2\/users\/2"}],"replies":[{"embeddable":true,"href":"https:\/\/zerohoranews.com\/index.php?rest_route=%2Fwp%2Fv2%2Fcomments&post=34524"}],"version-history":[{"count":0,"href":"https:\/\/zerohoranews.com\/index.php?rest_route=\/wp\/v2\/posts\/34524\/revisions"}],"wp:featuredmedia":[{"embeddable":true,"href":"https:\/\/zerohoranews.com\/index.php?rest_route=\/wp\/v2\/media\/34525"}],"wp:attachment":[{"href":"https:\/\/zerohoranews.com\/index.php?rest_route=%2Fwp%2Fv2%2Fmedia&parent=34524"}],"wp:term":[{"taxonomy":"category","embeddable":true,"href":"https:\/\/zerohoranews.com\/index.php?rest_route=%2Fwp%2Fv2%2Fcategories&post=34524"},{"taxonomy":"post_tag","embeddable":true,"href":"https:\/\/zerohoranews.com\/index.php?rest_route=%2Fwp%2Fv2%2Ftags&post=34524"}],"curies":[{"name":"wp","href":"https:\/\/api.w.org\/{rel}","templated":true}]}}