{"id":34532,"date":"2026-08-28T12:30:57","date_gmt":"2026-08-28T15:30:57","guid":{"rendered":"https:\/\/zerohoranews.com\/?p=34532"},"modified":"2026-08-28T12:30:57","modified_gmt":"2026-08-28T15:30:57","slug":"grass-quer-criar-aplicativo-para-marcacao-de-consultas-de-saude-no-df","status":"publish","type":"post","link":"https:\/\/zerohoranews.com\/?p=34532","title":{"rendered":"Grass quer criar aplicativo para marca\u00e7\u00e3o de consultas de sa\u00fade no DF"},"content":{"rendered":"<div>\n<p>O candidato ao Governo do Distrito Federal (<a href=\"https:\/\/www.df.gov.br\" target=\"_blank\" rel=\"noopener\">GDF<\/a>) Leandro Grass (PT) revelou que <strong>pretende criar um aplicativo digital, a ser chamado de GDF na Suas M\u00e3os, caso seja eleito<\/strong>. <span class=\"highlight\">O app poderia, segundo Grass, facilitar o acesso a matr\u00edculas em escolas, marca\u00e7\u00e3o de consultas e pend\u00eancias de documenta\u00e7\u00f5es<\/span>.<\/p>\n<p>A declara\u00e7\u00e3o foi feita durante sabatina realizada na R\u00e1dio Metr\u00f3poles nesta sexta-feira (28\/8), ocasi\u00e3o em que Grass tamb\u00e9m ressaltou suas propostas em rela\u00e7\u00e3o a transporte p\u00fablico, sa\u00fade e educa\u00e7\u00e3o.<\/p>\n<p>Segundo Grass, a capital do pa\u00eds vive uma \u201cera anal\u00f3gica\u201d, e que, por consequ\u00eancia, a popula\u00e7\u00e3o do DF tem enfrentado filas e deslocamentos presenciais desnecess\u00e1rios para resolver \u201ccoisas simples\u201d, que poderiam ser feitas pelo pr\u00f3prio celular.<\/p>\n<blockquote class=\"m-blockquote m-destaque\">\n<p>\u201cN\u00e3o tem cabimento uma pessoa ir para o Na Hora s\u00f3 para pegar um papel. V\u00e1rias capitais do pa\u00eds, como Recife, por exemplo, j\u00e1 implementaram um governo digital, as pessoas resolvem tudo pelo celular. Aqui em Bras\u00edlia, n\u00e3o. As pessoas ainda t\u00eam que pegar \u00f4nibus para resolver um problema que \u00e9 do governo, sendo que \u00e9 ele [GDF] que tem que garantir isso\u201d, ressaltou Grass.<\/p>\n<\/blockquote>\n<p><span class=\"highlight\">Entre as medidas propostas que estar\u00e3o dispon\u00edveis no aplicativo, Grass citou marca\u00e7\u00f5es de consultas, exames e vacina\u00e7\u00f5es e realiza\u00e7\u00e3o de matr\u00edcula escolar.<\/span><\/p>\n<p><a target=\"_blank\" href=\"https:\/\/whatsapp.com\/channel\/0029Vb5fRx32phHRJiFmFr3W\" class=\"flex justify-center items-center gap-3 px-3 py-2.5 bg-green-500 text-white! no-underline! font-bold rounded-full my-4\"><span class=\"inline-flex gap-3 items-center max-w-10\/12 text-sm leading-4.5 font-semibold font-sans tracking-tighter whitespace-pre-line md:whitespace-normal xs:max-w-9\/12 md:text-lg md:max-w-full\"><svg width=\"40\" height=\"40\" viewbox=\"0 0 24 24\" fill=\"currentColor\" aria-hidden=\"true\" class=\"shrink-0\"><path d=\"M17.472 14.382c-.297-.149-1.758-.867-2.03-.967-.273-.099-.471-.148-.67.15-.197.297-.767.966-.94 1.164-.173.199-.347.223-.644.075-.297-.15-1.255-.463-2.39-1.475-.883-.788-1.48-1.761-1.653-2.059-.173-.297-.018-.458.13-.606.134-.133.298-.347.446-.52.149-.174.198-.298.298-.497.099-.198.05-.371-.025-.52-.075-.149-.669-1.612-.916-2.207-.242-.579-.487-.5-.669-.51-.173-.008-.371-.01-.57-.01-.198 0-.52.074-.792.372-.272.297-1.04 1.016-1.04 2.479 0 1.462 1.065 2.875 1.213 3.074.149.198 2.096 3.2 5.077 4.487.709.306 1.262.489 1.694.625.712.227 1.36.195 1.871.118.571-.085 1.758-.719 2.006-1.413.248-.694.248-1.289.173-1.413-.074-.124-.272-.198-.57-.347m-5.421 7.403h-.004a9.87 9.87 0 01-5.031-1.378l-.361-.214-3.741.982.998-3.648-.235-.374a9.86 9.86 0 01-1.51-5.26c.001-5.45 4.436-9.884 9.888-9.884 2.64 0 5.122 1.03 6.988 2.898a9.825 9.825 0 012.893 6.994c-.003 5.45-4.437 9.884-9.885 9.884m8.413-18.297A11.815 11.815 0 0012.05 0C5.495 0 .16 5.335.157 11.892c0 2.096.547 4.142 1.588 5.945L.057 24l6.305-1.654a11.882 11.882 0 005.683 1.448h.005c6.554 0 11.890-5.335 11.893-11.893A11.821 11.821 0 0020.465 3.488\"\/><\/svg>Entre no canal de WhatsApp <!-- --><br \/>\n<!-- -->do<!-- --> <!-- -->Metr\u00f3poles DF<\/span><\/a><\/p>\n<h2>Transporte p\u00fablico<\/h2>\n<p>Questionado sobre melhorias no transporte da capital, o candidato ao GDF pelo PT disse que pretende criar um protocolo de a\u00e7\u00e3o imediata para reduzir os impactos de acidentes graves no tr\u00e2nsito da capital. A declara\u00e7\u00e3o foi feita em raz\u00e3o da interdi\u00e7\u00e3o parcial da Ponte JK, nesta sexta-feira (28), ap\u00f3s um derramamento de \u00f3leo na pista.<\/p>\n<p><span class=\"highlight\">\u201c\u00c9 um absurdo, porque n\u00e3o tem protocolo [de atendimento]. Quando acontece algo, [policiais e bombeiros] ficam esperando algu\u00e9m tomar uma decis\u00e3o e, at\u00e9 l\u00e1, j\u00e1 foram perdidos 30, 40 minutos, em que v\u00e1rias pessoas j\u00e1 se atrasaram para chegar no trabalho\u201d, disse.<\/span><\/p>\n<p>Segundo o candidato, a ideia \u00e9 <strong>instalar bases de monitoramento em trechos considerados estrat\u00e9gicos, principalmente onde h\u00e1 maior incid\u00eancia de acidentes<\/strong>.\u00a0Grass tamb\u00e9m disse que um comit\u00ea permanente envolvendo diferentes \u00f3rg\u00e3os e for\u00e7as de seguran\u00e7a ser\u00e1 elaborado, com o objetivo de coordenar a resposta \u00e0s ocorr\u00eancias.<\/p>\n<blockquote class=\"m-blockquote m-destaque\">\n<p>\u201cCom a instala\u00e7\u00e3o das bases e a cria\u00e7\u00e3o do comit\u00ea, caso ocorra algum tipo de acidente, o tr\u00e2nsito poder\u00e1 ser liberado o mais r\u00e1pido poss\u00edvel sem que seja gerado tanto engarrafamento, como est\u00e1 acontecendo hoje, como aconteceu ontem, como aconteceu semana passada, e est\u00e1 prejudicando o dia a dia da popula\u00e7\u00e3o\u201d, destacou.<\/p>\n<\/blockquote>\n<p>Ainda sobre o tema, o candidato ao GDF tamb\u00e9m apresentou outras propostas, como <span class=\"highlight\">expans\u00e3o do Metr\u00f4 de Ceil\u00e2ndia e Samambaia; cria\u00e7\u00e3o do BRT para regi\u00e3o norte do DF; e projeto de trilho de superf\u00edcie, com bilhete \u00fanico, entre Luzi\u00e2nia e Valpara\u00edso, no Entorno do DF.<\/span><\/p>\n<h2>Sa\u00fade<\/h2>\n<p>Questionado sobre o mantimento do Instituto de Gest\u00e3o Estrat\u00e9gica de Sa\u00fade do Distrito Federal (Iges-DF) caso seja eleito, <strong>Grass afirmou que pretende tirar o poder de gest\u00e3o do instituto e repassar novamente \u00e0 Secretaria de Sa\u00fade (SES-DF)<\/strong>. O candidato ao GDF ainda classificou o instituto como \u201cmonstro\u201d da Sa\u00fade p\u00fablica do DF.<\/p>\n<blockquote class=\"m-blockquote m-destaque\">\n<p>\u201cQuem deveria comandar a sa\u00fade \u00e9 a Secretaria de Estado. A Secretaria, ent\u00e3o, comanda, e o Iges permanece com os profissionais prestando servi\u00e7o nas unidades em que j\u00e1 est\u00e1 instalado, enquanto a gente reorganiza medicamento, infraestrutura e investe nos hospitais a partir da Secretaria\u201d, declarou.<\/p>\n<\/blockquote>\n<p><span class=\"highlight\">Grass tamb\u00e9m comentou sobre a possibilidade de negociar com o Governo Federal a amplia\u00e7\u00e3o das carretas do programa \u201cAgora tem Especialistas\u201d na capital. <\/span><\/p>\n<p>\u201cJ\u00e1 discuti com o Minist\u00e9rio da Sa\u00fade e a gente tem condi\u00e7\u00f5es de trazer dezenas de carretas para c\u00e1, para ampliar a realiza\u00e7\u00e3o dos exames. Vamos distribuir essas carretas no DF inteiro\u201d, disse.<\/p>\n<h2>Educa\u00e7\u00e3o<\/h2>\n<p>O candidato ao GDF afirmou que uma das metas de seu governo <strong>ser\u00e1 construir 100 creches p\u00fablicas na capital durante os quatros anos de mandato<\/strong>.<\/p>\n<p>Para isso, <span class=\"highlight\">Grass afirmou que ir\u00e1 realizar um amplo programa de investimento em parceria com Fundo Nacional de Desenvolvimento da Educa\u00e7\u00e3o (FNDE) do Governo Federal.<\/span> A medida tamb\u00e9m iria servir para melhorar e construir novas escolas na capital.<\/p>\n<blockquote class=\"m-blockquote m-destaque\">\n<p>\u201cA gente vai come\u00e7ar pelas regi\u00f5es em que tem mais aluno por sala de aula. Por exemplo, S\u00e3o Sebasti\u00e3o, n\u00e3o constru\u00edram escolas nesses \u00faltimos anos. Com o programa, n\u00f3s iremos construir\u201d, disse.<\/p>\n<\/blockquote>\n<p><span class=\"highlight\">Outra proposta apresentada voltada ao tema \u00e9 a implementa\u00e7\u00e3o do tempo integral nas redes de ensino p\u00fablico da capital.<\/span><\/p>\n<\/div>\n<p><br \/>\n<br \/><a href=\"https:\/\/www.metropoles.com\/distrito-federal\/grass-quer-criar-aplicativo-para-marcacao-de-consultas-de-saude-no-df\">Tribunal Bras\u00edlia <\/a><\/p>\n","protected":false},"excerpt":{"rendered":"<p>O candidato ao Governo do Distrito Federal (GDF) Leandro Grass (PT) revelou que pretende criar um aplicativo digital, a ser chamado de GDF na Suas M\u00e3os, caso seja eleito. O app poderia, segundo Grass, facilitar o acesso a matr\u00edculas em escolas, marca\u00e7\u00e3o de consultas e pend\u00eancias de documenta\u00e7\u00f5es. A declara\u00e7\u00e3o foi feita durante sabatina realizada [&hellip;]<\/p>\n","protected":false},"author":2,"featured_media":33994,"comment_status":"open","ping_status":"open","sticky":false,"template":"","format":"standard","meta":{"footnotes":""},"categories":[1],"tags":[],"class_list":["post-34532","post","type-post","status-publish","format-standard","has-post-thumbnail","hentry","category-destaques"],"_links":{"self":[{"href":"https:\/\/zerohoranews.com\/index.php?rest_route=\/wp\/v2\/posts\/34532","targetHints":{"allow":["GET"]}}],"collection":[{"href":"https:\/\/zerohoranews.com\/index.php?rest_route=\/wp\/v2\/posts"}],"about":[{"href":"https:\/\/zerohoranews.com\/index.php?rest_route=\/wp\/v2\/types\/post"}],"author":[{"embeddable":true,"href":"https:\/\/zerohoranews.com\/index.php?rest_route=\/wp\/v2\/users\/2"}],"replies":[{"embeddable":true,"href":"https:\/\/zerohoranews.com\/index.php?rest_route=%2Fwp%2Fv2%2Fcomments&post=34532"}],"version-history":[{"count":0,"href":"https:\/\/zerohoranews.com\/index.php?rest_route=\/wp\/v2\/posts\/34532\/revisions"}],"wp:featuredmedia":[{"embeddable":true,"href":"https:\/\/zerohoranews.com\/index.php?rest_route=\/wp\/v2\/media\/33994"}],"wp:attachment":[{"href":"https:\/\/zerohoranews.com\/index.php?rest_route=%2Fwp%2Fv2%2Fmedia&parent=34532"}],"wp:term":[{"taxonomy":"category","embeddable":true,"href":"https:\/\/zerohoranews.com\/index.php?rest_route=%2Fwp%2Fv2%2Fcategories&post=34532"},{"taxonomy":"post_tag","embeddable":true,"href":"https:\/\/zerohoranews.com\/index.php?rest_route=%2Fwp%2Fv2%2Ftags&post=34532"}],"curies":[{"name":"wp","href":"https:\/\/api.w.org\/{rel}","templated":true}]}}