{"id":34647,"date":"2026-08-31T02:26:31","date_gmt":"2026-08-31T05:26:31","guid":{"rendered":"https:\/\/zerohoranews.com\/?p=34647"},"modified":"2026-08-31T02:26:31","modified_gmt":"2026-08-31T05:26:31","slug":"confira-a-agenda-dos-candidatos-ao-governo-do-df-desta-segunda-feira-31-8","status":"publish","type":"post","link":"https:\/\/zerohoranews.com\/?p=34647","title":{"rendered":"Confira a agenda dos candidatos ao Governo do DF desta segunda-feira (31\/8)"},"content":{"rendered":"<div>\n<p>Os candidatos ao Governo do Distrito Federal (GDF) come\u00e7am a semana, nesta segunda-feira (31\/8), com mais compromissos de campanha eleitoral. Entre os roteiros dos postulantes ao comando do Pal\u00e1cio do Buriti, est\u00e3o <strong>caminhadas, entrevistas, lan\u00e7amento de candidaturas e encontros com apoiadores. <\/strong><\/p>\n<p>O\u00a0<strong>Metr\u00f3poles<\/strong>\u00a0mostra abaixo a agenda completa dos candidatos ao GDF.<\/p>\n<hr\/>\n<p><strong>Celina Le\u00e3o (PP)<\/strong><\/p>\n<ul>\n<li>8h: Grava\u00e7\u00e3o para a TV Globo;<\/li>\n<li>8h40: Sabatina da R\u00e1dio Metr\u00f3poles, no Est\u00fadio da R\u00e1dio Metr\u00f3poles, no Setor de Com\u00e9rcio Norte, Quadra 04, Bloco B, na Asa Norte;<\/li>\n<li>10h: GDF na Sua Porta (edi\u00e7\u00e3o Guar\u00e1), na QE 25, no Guar\u00e1;<\/li>\n<li>19h30: Reuni\u00e3o com empres\u00e1rios do setor da beleza, no Complexo Brasil 21, no Setor Hoteleiro Sul (SHS), Quadra 6, Conjunto A, na Asa Sul;<\/li>\n<li>20h30: Lan\u00e7amento da candidatura a deputado distrital do Bispo Renato, na Associa\u00e7\u00e3o Comercial e Industrial de Taguatinga (ACIT), na QI 25, \u00c1rea Especial, em Taguatinga;<\/li>\n<\/ul>\n<p><strong>Jos\u00e9 Roberto Arruda (PSD)<\/strong><\/p>\n<p><a target=\"_blank\" href=\"https:\/\/whatsapp.com\/channel\/0029Vb5fRx32phHRJiFmFr3W\" class=\"flex justify-center items-center gap-3 px-3 py-2.5 bg-green-500 text-white! no-underline! font-bold rounded-full my-4\"><span class=\"inline-flex gap-3 items-center max-w-10\/12 text-sm leading-4.5 font-semibold font-sans tracking-tighter whitespace-pre-line md:whitespace-normal xs:max-w-9\/12 md:text-lg md:max-w-full\"><svg width=\"40\" height=\"40\" viewbox=\"0 0 24 24\" fill=\"currentColor\" aria-hidden=\"true\" class=\"shrink-0\"><path d=\"M17.472 14.382c-.297-.149-1.758-.867-2.03-.967-.273-.099-.471-.148-.67.15-.197.297-.767.966-.94 1.164-.173.199-.347.223-.644.075-.297-.15-1.255-.463-2.39-1.475-.883-.788-1.48-1.761-1.653-2.059-.173-.297-.018-.458.13-.606.134-.133.298-.347.446-.52.149-.174.198-.298.298-.497.099-.198.05-.371-.025-.52-.075-.149-.669-1.612-.916-2.207-.242-.579-.487-.5-.669-.51-.173-.008-.371-.01-.57-.01-.198 0-.52.074-.792.372-.272.297-1.04 1.016-1.04 2.479 0 1.462 1.065 2.875 1.213 3.074.149.198 2.096 3.2 5.077 4.487.709.306 1.262.489 1.694.625.712.227 1.36.195 1.871.118.571-.085 1.758-.719 2.006-1.413.248-.694.248-1.289.173-1.413-.074-.124-.272-.198-.57-.347m-5.421 7.403h-.004a9.87 9.87 0 01-5.031-1.378l-.361-.214-3.741.982.998-3.648-.235-.374a9.86 9.86 0 01-1.51-5.26c.001-5.45 4.436-9.884 9.888-9.884 2.64 0 5.122 1.03 6.988 2.898a9.825 9.825 0 012.893 6.994c-.003 5.45-4.437 9.884-9.885 9.884m8.413-18.297A11.815 11.815 0 0012.05 0C5.495 0 .16 5.335.157 11.892c0 2.096.547 4.142 1.588 5.945L.057 24l6.305-1.654a11.882 11.882 0 005.683 1.448h.005c6.554 0 11.890-5.335 11.893-11.893A11.821 11.821 0 0020.465 3.488\"\/><\/svg>Entre no canal de WhatsApp <!-- --><br \/>\n<!-- -->do<!-- --> <!-- -->Metr\u00f3poles DF<\/span><\/a><\/p>\n<ul>\n<li>14h30: Sabatina Jovem Pan News<\/li>\n<li>18h: Sabatina do Setor Produtivo do DF<\/li>\n<\/ul>\n<p><strong>Leandro Grass (PT)<\/strong><\/p>\n<ul>\n<li>9h30: Caminhada no Com\u00e9rcio da Candangol\u00e2ndia, com ponto de encontro na Feira da Pra\u00e7a Forte (ao lado da rua dos transportes), na Candangol\u00e2ndia;<\/li>\n<li>11h: Panfletagem na Rodovi\u00e1ria do Plano Piloto, na Rodovi\u00e1ria do Plano Piloto, no Plano Piloto;<\/li>\n<li>16h: Sabatina (Fecom\u00e9rcio, Fibra, Fape, Fenatac, Sebrae, CDL, Faci), na CDL\/DF;<\/li>\n<li>19h30: Reuni\u00e3o com Grupo de Apoiadores, no Teatro dos Banc\u00e1rios;<\/li>\n<li>20h45: Lan\u00e7amento do livro \u201cA Resili\u00eancia do Conselho Consultivo do Patrim\u00f4nio Cultural em Contexto de Desdemocracia\u201d;<\/li>\n<\/ul>\n<p><strong>Paula Belmonte (PSDB)<\/strong><\/p>\n<ul>\n<li>Manh\u00e3: Reuni\u00e3o de alinhamento interno<\/li>\n<li>14h: Sabatina do Setor Produtivo do DF, na C\u00e2mara de Dirigentes Lojistas do Distrito Federal, no SIA Trecho 17;<\/li>\n<li>16h \u2013 Caminhada na Rodovi\u00e1ria do Plano Piloto<\/li>\n<li>18h \u2013 Reuni\u00e3o interna de articula\u00e7\u00e3o pol\u00edtica<\/li>\n<\/ul>\n<p><strong>Ricardo Cappelli (PSB)<\/strong><\/p>\n<ul>\n<li>11h Sabatina no Jornal de Bras\u00edlia<\/li>\n<li>16h30 Panfletagem na Rodovi\u00e1ria do Plano Piloto (Bras\u00edlia)<\/li>\n<li>19h30 Reuni\u00e3o no Conselho Comunit\u00e1rio de Seguran\u00e7a P\u00fablica do Cruzeiro<\/li>\n<\/ul>\n<p><strong>Kiko Caputo (Novo)<\/strong><\/p>\n<ul>\n<li>9h: Chegada nas instala\u00e7\u00f5es do grupo Band, no Setor Banc\u00e1rio Sul;<\/li>\n<li>9h40: Entrevista ao vivo na r\u00e1dio Bandnews FM, no Setor Banc\u00e1rio Sul;<\/li>\n<li>10h20: Entrevista ao vivo na r\u00e1dio Bandeirantes, no Setor Banc\u00e1rio Sul;<\/li>\n<li>12h30: Despachos internos, na Asa Norte;<\/li>\n<li>14h: Grava\u00e7\u00e3o de material de campanha, no Lago Sul;<\/li>\n<li>16h30: Entrevista ao Podcast C\u00e9u na Terra, na Asa Norte;<\/li>\n<li>18h30: Reuni\u00e3o com lideran\u00e7as regionais, na Asa Norte;<\/li>\n<li>20h30: Despachos internos com equipe de campanha, na Asa Norte;<\/li>\n<\/ul>\n<p><strong>Samara Mineiro (UP)<\/strong><\/p>\n<ul>\n<li>10h: Panfletagem e conversa com usu\u00e1rios da rede p\u00fablica de sa\u00fade no Hospital de Base;<\/li>\n<li>14h: Reuni\u00e3o de coordena\u00e7\u00e3o de campanha;<\/li>\n<li>18h: Conversa e Panfletagem com usu\u00e1rios e trabalhadores do Metro na Rodovi\u00e1ria do Plano Piloto.<\/li>\n<\/ul>\n<p><strong>Elisson Ferreira (Agir)<\/strong><\/p>\n<ul>\n<li>8h: Homenagem aos 7 anos do falecimento da av\u00f3 Ideltrudes Maria Ferreira;<\/li>\n<li>9h: Congresso do Harvard Center for International Development em Bras\u00edlia;<\/li>\n<li>13h: Almo\u00e7o com coordena\u00e7\u00e3o de campanha e equipe;<\/li>\n<li>14h: Avalia\u00e7\u00e3o das estrat\u00e9gicas da campanha para os pr\u00f3ximos 10 dias;<\/li>\n<li>16h: Reuni\u00e3o interna com equipe;<\/li>\n<li>17h36: Ida a Vicente Pires;<\/li>\n<li>18h36: Visita ao com\u00e9rcio de Vicente Pires;<\/li>\n<li>20h36: Reuni\u00e3o com apoiadores em Vicente Pires;<\/li>\n<li>21h36: Reuni\u00e3o com apoiadores em Taguatinga Norte.<\/li>\n<\/ul>\n<p><strong>Professor Robson (PSTU)<\/strong><\/p>\n<ul>\n<li>Escola T\u00e9cnica do Guar\u00e1 (17h).<\/li>\n<\/ul>\n<p><strong>Expedito Mendon\u00e7a (PCO)<\/strong><\/p>\n<ul>\n<li>10h: reuni\u00e3o com a Comiss\u00e3o de Redes da campanha eleitoral;<\/li>\n<li>14h \u00e0s 20h: reuni\u00e3o com a Dire\u00e7\u00e3o Nacional do PCO;<\/li>\n<li>20h30: entrevista para o canal do YouTube Conex\u00e3o DF.<\/li>\n<\/ul>\n<hr\/>\n<\/div>\n<p><br \/>\n<br \/><a href=\"https:\/\/www.metropoles.com\/distrito-federal\/confira-a-agenda-dos-candidatos-ao-governo-do-df-desta-segunda-feira-31-8\">Tribunal Bras\u00edlia <\/a><\/p>\n","protected":false},"excerpt":{"rendered":"<p>Os candidatos ao Governo do Distrito Federal (GDF) come\u00e7am a semana, nesta segunda-feira (31\/8), com mais compromissos de campanha eleitoral. Entre os roteiros dos postulantes ao comando do Pal\u00e1cio do Buriti, est\u00e3o caminhadas, entrevistas, lan\u00e7amento de candidaturas e encontros com apoiadores. O\u00a0Metr\u00f3poles\u00a0mostra abaixo a agenda completa dos candidatos ao GDF. Celina Le\u00e3o (PP) 8h: Grava\u00e7\u00e3o [&hellip;]<\/p>\n","protected":false},"author":2,"featured_media":34648,"comment_status":"open","ping_status":"open","sticky":false,"template":"","format":"standard","meta":{"footnotes":""},"categories":[1],"tags":[],"class_list":["post-34647","post","type-post","status-publish","format-standard","has-post-thumbnail","hentry","category-destaques"],"_links":{"self":[{"href":"https:\/\/zerohoranews.com\/index.php?rest_route=\/wp\/v2\/posts\/34647","targetHints":{"allow":["GET"]}}],"collection":[{"href":"https:\/\/zerohoranews.com\/index.php?rest_route=\/wp\/v2\/posts"}],"about":[{"href":"https:\/\/zerohoranews.com\/index.php?rest_route=\/wp\/v2\/types\/post"}],"author":[{"embeddable":true,"href":"https:\/\/zerohoranews.com\/index.php?rest_route=\/wp\/v2\/users\/2"}],"replies":[{"embeddable":true,"href":"https:\/\/zerohoranews.com\/index.php?rest_route=%2Fwp%2Fv2%2Fcomments&post=34647"}],"version-history":[{"count":0,"href":"https:\/\/zerohoranews.com\/index.php?rest_route=\/wp\/v2\/posts\/34647\/revisions"}],"wp:featuredmedia":[{"embeddable":true,"href":"https:\/\/zerohoranews.com\/index.php?rest_route=\/wp\/v2\/media\/34648"}],"wp:attachment":[{"href":"https:\/\/zerohoranews.com\/index.php?rest_route=%2Fwp%2Fv2%2Fmedia&parent=34647"}],"wp:term":[{"taxonomy":"category","embeddable":true,"href":"https:\/\/zerohoranews.com\/index.php?rest_route=%2Fwp%2Fv2%2Fcategories&post=34647"},{"taxonomy":"post_tag","embeddable":true,"href":"https:\/\/zerohoranews.com\/index.php?rest_route=%2Fwp%2Fv2%2Ftags&post=34647"}],"curies":[{"name":"wp","href":"https:\/\/api.w.org\/{rel}","templated":true}]}}