{"id":34657,"date":"2026-08-31T08:14:38","date_gmt":"2026-08-31T11:14:38","guid":{"rendered":"https:\/\/zerohoranews.com\/?p=34657"},"modified":"2026-08-31T08:14:38","modified_gmt":"2026-08-31T11:14:38","slug":"trabalhador-que-morreu-apos-onibus-bater-em-caminhao-sera-velado-nesta-2a","status":"publish","type":"post","link":"https:\/\/zerohoranews.com\/?p=34657","title":{"rendered":"Trabalhador que morreu ap\u00f3s \u00f4nibus bater em caminh\u00e3o ser\u00e1 velado nesta 2\u00aa"},"content":{"rendered":"<div>\n<p>Familiares e amigos se despedem nesta segunda-feira (31\/8), de Matheus Nunes Oliveira, de 27 anos. Ele morreu ap\u00f3s um \u00f4nibus bater em um caminh\u00e3o frigorifico em que ele descarregava materiais, na QN 304, em Samambaia.\u00a0<strong>O vel\u00f3rio est\u00e1 marcado para as 9h, no Campo da Esperan\u00e7a de Taguatinga.\u00a0<\/strong><\/p>\n<p>O sepultamento da v\u00edtima ser\u00e1 as 11h30. Em mensagens publicadas nas redes sociais informando o sepultamento de Matheus, a fam\u00edlia escreveu:<\/p>\n<blockquote class=\"m-blockquote m-destaque\">\n<p><span class=\"highlight\">\u201cSua presen\u00e7a marcou nossas vidas, sua aus\u00eancia deixar\u00e1 saudades eternas\u201d.<\/span><\/p>\n<\/blockquote>\n<figure id=\"attachment_5196371\" aria-describedby=\"caption-attachment-5196371\" style=\"width:1200px\" class=\"wp-caption alignnone\"><figcaption id=\"caption-attachment-5196371\" class=\"wp-caption-text\">O vel\u00f3rio de Matheus ocorre nesta segunda-feira (31\/8), no Cemit\u00e9rio Campo da Esperan\u00e7a de Taguatinga<\/figcaption><\/figure>\n<h2>Entenda<\/h2>\n<p>De acordo com o Corpo de Bombeiros Militar do Distrito Federal (CBMDF), <span class=\"highlight\">Matheus estava na parte traseira de um caminh\u00e3o frigor\u00edfico quando o \u00f4nibus colidiu contra uma das portas do ve\u00edculo<\/span>. Com o impacto, o trabalhador foi atingido.<\/p>\n<p>Os bombeiros foram acionados e tentaram reanimar o homem. <strong>Apesar dos esfor\u00e7os, a v\u00edtima n\u00e3o resistiu aos ferimentos.\u00a0<\/strong><\/p>\n<p><a target=\"_blank\" href=\"https:\/\/whatsapp.com\/channel\/0029Vb5fRx32phHRJiFmFr3W\" class=\"flex justify-center items-center gap-3 px-3 py-2.5 bg-green-500 text-white! no-underline! font-bold rounded-full my-4\"><span class=\"inline-flex gap-3 items-center max-w-10\/12 text-sm leading-4.5 font-semibold font-sans tracking-tighter whitespace-pre-line md:whitespace-normal xs:max-w-9\/12 md:text-lg md:max-w-full\"><svg width=\"40\" height=\"40\" viewbox=\"0 0 24 24\" fill=\"currentColor\" aria-hidden=\"true\" class=\"shrink-0\"><path d=\"M17.472 14.382c-.297-.149-1.758-.867-2.03-.967-.273-.099-.471-.148-.67.15-.197.297-.767.966-.94 1.164-.173.199-.347.223-.644.075-.297-.15-1.255-.463-2.39-1.475-.883-.788-1.48-1.761-1.653-2.059-.173-.297-.018-.458.13-.606.134-.133.298-.347.446-.52.149-.174.198-.298.298-.497.099-.198.05-.371-.025-.52-.075-.149-.669-1.612-.916-2.207-.242-.579-.487-.5-.669-.51-.173-.008-.371-.01-.57-.01-.198 0-.52.074-.792.372-.272.297-1.04 1.016-1.04 2.479 0 1.462 1.065 2.875 1.213 3.074.149.198 2.096 3.2 5.077 4.487.709.306 1.262.489 1.694.625.712.227 1.36.195 1.871.118.571-.085 1.758-.719 2.006-1.413.248-.694.248-1.289.173-1.413-.074-.124-.272-.198-.57-.347m-5.421 7.403h-.004a9.87 9.87 0 01-5.031-1.378l-.361-.214-3.741.982.998-3.648-.235-.374a9.86 9.86 0 01-1.51-5.26c.001-5.45 4.436-9.884 9.888-9.884 2.64 0 5.122 1.03 6.988 2.898a9.825 9.825 0 012.893 6.994c-.003 5.45-4.437 9.884-9.885 9.884m8.413-18.297A11.815 11.815 0 0012.05 0C5.495 0 .16 5.335.157 11.892c0 2.096.547 4.142 1.588 5.945L.057 24l6.305-1.654a11.882 11.882 0 005.683 1.448h.005c6.554 0 11.890-5.335 11.893-11.893A11.821 11.821 0 0020.465 3.488\"\/><\/svg>Entre no canal de WhatsApp <!-- --><br \/>\n<!-- -->do<!-- --> <!-- -->Metr\u00f3poles DF<\/span><\/a><\/p>\n<p>Em nota, a Urbi Mobilidade, empresa respons\u00e1vel pelo \u00f4nibus, informou que o coletivo realizava uma viagem regular, quando houve o contato com uma das portas do caminh\u00e3o, que estava aberta e projetada sobre a via. Matheus acabou sendo atingido.<\/p>\n<p>Ainda segundo a empresa, o socorro foi acionado imediatamente.<span class=\"highlight\"> A Urbi tamb\u00e9m lamentou a fatalidade, manifestou solidariedade e condol\u00eancias aos familiares do trabalhador. A companhia afirmou tamb\u00e9m que permanece \u00e0 disposi\u00e7\u00e3o das autoridades.<\/span><\/p>\n<p><span class=\"highlight\">A din\u00e2mica do acidente ainda n\u00e3o foi esclarecida.<\/span> O caso \u00e9 investigado pela 32\u00aa Delegacia de Pol\u00edcia (Samambaia), da Pol\u00edcia Civil do Distrito Federal (PCDF), que dever\u00e1 apurar as circunst\u00e2ncias da colis\u00e3o e as responsabilidades pelo ocorrido.<\/p>\n<p>O <strong>Metr\u00f3poles<\/strong> procurou a empresa respons\u00e1vel pelo caminh\u00e3o, mas n\u00e3o obteve retorno at\u00e9 a publica\u00e7\u00e3o desta reportagem. O espa\u00e7o permanece aberto para esclarecimentos.<\/p>\n<\/div>\n<p><br \/>\n<br \/><a href=\"https:\/\/www.metropoles.com\/distrito-federal\/trabalhador-que-morreu-apos-onibus-bater-em-caminhao-sera-velado-nesta-2a\">Tribunal Bras\u00edlia <\/a><\/p>\n","protected":false},"excerpt":{"rendered":"<p>Familiares e amigos se despedem nesta segunda-feira (31\/8), de Matheus Nunes Oliveira, de 27 anos. Ele morreu ap\u00f3s um \u00f4nibus bater em um caminh\u00e3o frigorifico em que ele descarregava materiais, na QN 304, em Samambaia.\u00a0O vel\u00f3rio est\u00e1 marcado para as 9h, no Campo da Esperan\u00e7a de Taguatinga.\u00a0 O sepultamento da v\u00edtima ser\u00e1 as 11h30. Em [&hellip;]<\/p>\n","protected":false},"author":2,"featured_media":34658,"comment_status":"open","ping_status":"open","sticky":false,"template":"","format":"standard","meta":{"footnotes":""},"categories":[1],"tags":[],"class_list":["post-34657","post","type-post","status-publish","format-standard","has-post-thumbnail","hentry","category-destaques"],"_links":{"self":[{"href":"https:\/\/zerohoranews.com\/index.php?rest_route=\/wp\/v2\/posts\/34657","targetHints":{"allow":["GET"]}}],"collection":[{"href":"https:\/\/zerohoranews.com\/index.php?rest_route=\/wp\/v2\/posts"}],"about":[{"href":"https:\/\/zerohoranews.com\/index.php?rest_route=\/wp\/v2\/types\/post"}],"author":[{"embeddable":true,"href":"https:\/\/zerohoranews.com\/index.php?rest_route=\/wp\/v2\/users\/2"}],"replies":[{"embeddable":true,"href":"https:\/\/zerohoranews.com\/index.php?rest_route=%2Fwp%2Fv2%2Fcomments&post=34657"}],"version-history":[{"count":0,"href":"https:\/\/zerohoranews.com\/index.php?rest_route=\/wp\/v2\/posts\/34657\/revisions"}],"wp:featuredmedia":[{"embeddable":true,"href":"https:\/\/zerohoranews.com\/index.php?rest_route=\/wp\/v2\/media\/34658"}],"wp:attachment":[{"href":"https:\/\/zerohoranews.com\/index.php?rest_route=%2Fwp%2Fv2%2Fmedia&parent=34657"}],"wp:term":[{"taxonomy":"category","embeddable":true,"href":"https:\/\/zerohoranews.com\/index.php?rest_route=%2Fwp%2Fv2%2Fcategories&post=34657"},{"taxonomy":"post_tag","embeddable":true,"href":"https:\/\/zerohoranews.com\/index.php?rest_route=%2Fwp%2Fv2%2Ftags&post=34657"}],"curies":[{"name":"wp","href":"https:\/\/api.w.org\/{rel}","templated":true}]}}